{"id":1991,"date":"2018-10-18T13:18:59","date_gmt":"2018-10-18T13:18:59","guid":{"rendered":"https:\/\/sjavarutvegur.is\/?p=1991"},"modified":"2018-10-18T13:23:22","modified_gmt":"2018-10-18T13:23:22","slug":"kynningarblad-sjavarutvegsradstefnunnar-2","status":"publish","type":"post","link":"https:\/\/sjavarutvegur.is\/?p=1991","title":{"rendered":"Kynningarbla\u00f0 Sj\u00e1var\u00fatvegsr\u00e1\u00f0stefnunnar"},"content":{"rendered":"<p>[et_pb_section bb_built=&#8221;1&#8243;][et_pb_row][et_pb_column type=&#8221;1_4&#8243;][et_pb_image _builder_version=&#8221;3.11.1&#8243; src=&#8221;https:\/\/sjavarutvegur.is\/wp-content\/uploads\/2018\/10\/SU\u0301R2018-forsvidskiptabxxxxxl.jpg&#8221; \/][\/et_pb_column][et_pb_column type=&#8221;3_4&#8243;][et_pb_text _builder_version=&#8221;3.11.1&#8243;]<\/p>\n<p>Sj\u00e1var\u00fatvegsr\u00e1\u00f0stefnan gefur n\u00fa \u00fat s\u00e9rstakt kynningarbla\u00f0 me\u00f0 dagskr\u00e1 r\u00e1\u00f0stefnunnar, l\u00fdsing \u00e1 m\u00e1lstofum, greinum tengdum m\u00e1lstofum, \u00e1samt \u00fdmsu \u00f6\u00f0ru efni sem tengist r\u00e1\u00f0stefnunni. Vonast er til a\u00f0 Kynningarbla\u00f0 Sj\u00e1var\u00fatvegsr\u00e1\u00f0stefnunnar 2018 ver\u00f0i \u00e1hugaver\u00f0 lesning um \u00fea\u00f0 sem teki\u00f0 ver\u00f0ur fyrir \u00e1 r\u00e1\u00f0stefnunni og vekja athygli og \u00e1huga \u00e1 r\u00e1\u00f0stefnunni. Athugi\u00f0 a\u00f0 skjali\u00f0 er 14 MB og getur \u00fev\u00ed teki\u00f0 allnokkurn t\u00edma a\u00f0 ni\u00f0urhala \u00fev\u00ed.<\/p>\n<p>[\/et_pb_text][et_pb_button _builder_version=&#8221;3.11.1&#8243; button_text=&#8221;Kynningarbla\u00f0&#8221; button_url=&#8221;https:\/\/sjavarutvegsradstefnan.is\/wp-content\/uploads\/2018\/10\/Kynningarbla\u00f0-Lokaeintak-minna.pdf&#8221; \/][\/et_pb_column][\/et_pb_row][\/et_pb_section]<\/p>\n","protected":false},"excerpt":{"rendered":"<p><div class=\"et_pb_row et_pb_row_0 et_pb_row_empty\">\n\t\t\t\t\n\t\t\t\t\n\t\t\t\t\n\t\t\t\t\n\t\t\t\t\n\t\t\t<\/div> Sj\u00e1var\u00fatvegsr\u00e1\u00f0stefnan gefur n\u00fa \u00fat s\u00e9rstakt kynningarbla\u00f0 me\u00f0 dagskr\u00e1 r\u00e1\u00f0stefnunnar, l\u00fdsing \u00e1 m\u00e1lstofum, greinum tengdum m\u00e1lstofum, \u00e1samt \u00fdmsu \u00f6\u00f0ru efni sem tengist r\u00e1\u00f0stefnunni. Vonast er til a\u00f0 Kynningarbla\u00f0 Sj\u00e1var\u00fatvegsr\u00e1\u00f0stefnunnar 2018 ver\u00f0i \u00e1hugaver\u00f0 lesning um \u00fea\u00f0 sem teki\u00f0 ver\u00f0ur fyrir \u00e1 r\u00e1\u00f0stefnunni og vekja athygli og \u00e1huga \u00e1 r\u00e1\u00f0stefnunni. Athugi\u00f0 a\u00f0 skjali\u00f0 er 14 MB og [&hellip;]<\/p>\n","protected":false},"author":2,"featured_media":1996,"comment_status":"open","ping_status":"open","sticky":false,"template":"","format":"standard","meta":{"_et_pb_use_builder":"on","_et_pb_old_content":"","_et_gb_content_width":"","footnotes":""},"categories":[8],"tags":[],"class_list":["post-1991","post","type-post","status-publish","format-standard","has-post-thumbnail","hentry","category-radstefnur"],"_links":{"self":[{"href":"https:\/\/sjavarutvegur.is\/index.php?rest_route=\/wp\/v2\/posts\/1991","targetHints":{"allow":["GET"]}}],"collection":[{"href":"https:\/\/sjavarutvegur.is\/index.php?rest_route=\/wp\/v2\/posts"}],"about":[{"href":"https:\/\/sjavarutvegur.is\/index.php?rest_route=\/wp\/v2\/types\/post"}],"author":[{"embeddable":true,"href":"https:\/\/sjavarutvegur.is\/index.php?rest_route=\/wp\/v2\/users\/2"}],"replies":[{"embeddable":true,"href":"https:\/\/sjavarutvegur.is\/index.php?rest_route=%2Fwp%2Fv2%2Fcomments&post=1991"}],"version-history":[{"count":3,"href":"https:\/\/sjavarutvegur.is\/index.php?rest_route=\/wp\/v2\/posts\/1991\/revisions"}],"predecessor-version":[{"id":1997,"href":"https:\/\/sjavarutvegur.is\/index.php?rest_route=\/wp\/v2\/posts\/1991\/revisions\/1997"}],"wp:featuredmedia":[{"embeddable":true,"href":"https:\/\/sjavarutvegur.is\/index.php?rest_route=\/wp\/v2\/media\/1996"}],"wp:attachment":[{"href":"https:\/\/sjavarutvegur.is\/index.php?rest_route=%2Fwp%2Fv2%2Fmedia&parent=1991"}],"wp:term":[{"taxonomy":"category","embeddable":true,"href":"https:\/\/sjavarutvegur.is\/index.php?rest_route=%2Fwp%2Fv2%2Fcategories&post=1991"},{"taxonomy":"post_tag","embeddable":true,"href":"https:\/\/sjavarutvegur.is\/index.php?rest_route=%2Fwp%2Fv2%2Ftags&post=1991"}],"curies":[{"name":"wp","href":"https:\/\/api.w.org\/{rel}","templated":true}]}}