{"id":1964,"date":"2018-09-17T15:10:41","date_gmt":"2018-09-17T15:10:41","guid":{"rendered":"https:\/\/sjavarutvegur.is\/?p=1964"},"modified":"2018-09-17T15:32:42","modified_gmt":"2018-09-17T15:32:42","slug":"1964","status":"publish","type":"post","link":"https:\/\/sjavarutvegur.is\/?p=1964","title":{"rendered":"Dagskr\u00e1 Sj\u00e1var\u00fatvegsr\u00e1\u00f0stefnunnar"},"content":{"rendered":"<p>N\u00e6sta Sj\u00e1var\u00fatvegsr\u00e1\u00f0stefna ver\u00f0ur haldin \u00ed H\u00f6rpu dagana 15.-16. n\u00f3vember.<\/p>\n<p><strong>Dagskr\u00e1 Sj\u00e1var\u00fatvegsr\u00e1\u00f0stefnunnar 2018<\/strong><br \/>\n\u00c1 Sj\u00e1var\u00fatvegsr\u00e1\u00f0stefnunni 2018 ver\u00f0a 17 m\u00e1lstofur og er n\u00fa b\u00fai\u00f0 a\u00f0 skipuleggja 15 m\u00e1lstofur og \u00ed \u00feeim ver\u00f0a flutt 75 erindi.\u00a0 \u00cd tveimur m\u00e1lstofum eru keypt erindi og ver\u00f0a \u00fe\u00e6r kynntar seinna. \u00dea\u00f0 sem teki\u00f0 ver\u00f0ur fyrir \u00e1 Sj\u00e1var\u00fatvegsr\u00e1\u00f0stefnunni 2018 er m.a.: Marka\u00f0sm\u00e1l, vottanir, umhverfism\u00e1l, h\u00f6nnun,\u00a0 starfsumhverfi, greiningar, framt\u00ed\u00f0art\u00e6kni, uppruni, v\u00f6rumerki og margt fleira.\u00a0 \u00cd fyrsta skipti ver\u00f0ur n\u00fa s\u00e9rst\u00f6k nemendam\u00e1lstofa og hra\u00f0stefnum\u00f3t \u2013 Samtal forsvarsmanna \u00ed sj\u00e1var\u00fatvegi og nema.<\/p>\n<a href='https:\/\/sjavarutvegsradstefnan.is\/wp-content\/uploads\/2018\/09\/SU%CC%81R-2018-%E2%80%93-Dagskrain.pdf' class='small-button smallblue'>Dagskr\u00e1 Sj\u00e1var\u00fatvegsr\u00e1\u00f0stefnunnar<\/a>\n<p><strong>Ert \u00fe\u00fa me\u00f0 fram\u00farstefnuhugmynd til a\u00f0 efla \u00edslenskan sj\u00e1var\u00fatveg og tengdar atvinnugreinar?<\/strong><br \/>\nEf \u00fe\u00fa ert hugmyndsmi\u00f0ur, hugsar \u00fat fyrir boxi\u00f0, endilega sendu \u00fe\u00e1 inn fram\u00farstefnuhugmynd. Skilafrestur fram\u00farstefnuhugmyndar er \u00feann 15. okt\u00f3ber. N\u00e1nar uppl\u00fdsingar \u00e1 vef r\u00e1\u00f0stefnunnar.<\/p>\n<a href='http:\/\/www.sjavarutvegsradstefnan.is\/efni\/verdlaun' class='small-button smallblue'>Uppl\u00fdsingar um fram\u00farstefnuhugmynd<\/a>\n<p><strong>Fram\u00farstefnuhugmynd \u2013 fyrri ver\u00f0launahafar<\/strong><br \/>\nFram\u00farstefnuver\u00f0laun hefur veri\u00f0 \u00fathluta\u00f0 fimm sinnum og eftirtaldir fengi\u00f0 fyrstu ver\u00f0laun:<\/p>\n<ul>\n<li><em>\u00c1ri\u00f0 2011:<\/em>\u00a0Halla J\u00f3nsd\u00f3ttir, Optitog og samstarfsmenn me\u00f0 fram\u00farstefnuhugmyndina Lj\u00f3svei\u00f0ar og lj\u00f3svarpa.<\/li>\n<li><em>\u00c1ri\u00f0 2012:<\/em>\u00a0Bj\u00f6rn Bj\u00f6rnsson me\u00f0 hugmyndina L\u00e1gt\u00ed\u00f0nihlj\u00f3\u00f0merki til fiskvei\u00f0a \u2013 Hlj\u00f3\u00f0 til a\u00f0 safna saman fiski?<\/li>\n<li><em>\u00c1ri\u00f0 2013<\/em>: Sigmar Gu\u00f0bj\u00f6rnsson me\u00f0 hugmyndina Fiskval sem flokkar fr\u00e1 \u00f3\u00e6skilegan fisk \u00far botnv\u00f6rpu \u00e1 vei\u00f0id\u00fdpi.<\/li>\n<li><em>\u00c1ri\u00f0 2014:<\/em>\u00a0Unnsteinn Gu\u00f0mundsson, 4Fish me\u00f0 hugmyndina Spor\u00f0skur\u00f0arv\u00e9l.<\/li>\n<li><em>\u00c1ri\u00f0 2015:<\/em>\u00a0Snorri Hreggvi\u00f0sson og samstarfsmenn me\u00f0 hugmyndina L\u00fdsi \u00far makr\u00edl, s\u00edld og lo\u00f0nu til manneldis. Marl\u00fdsi.<\/li>\n<li><em>\u00c1ri\u00f0 2016:<\/em>\u00a0Albert H\u00f6gnason, 3X Technology og Gunnar \u00de\u00f3r\u00f0arson, Mat\u00eds me\u00f0 hugmyndina Ofurk\u00e6lingu \u00e1 fiski.<\/li>\n<li><em>\u00c1ri\u00f0 2017<\/em>: Vilhj\u00e1lmur Hallgr\u00edmsson, Fisheries Technologies me\u00f0 hugmyndina The Fisheries Manager, sem er n\u00fdtt alhli\u00f0a uppl\u00fdsingakerfi fyrir fiskvei\u00f0istj\u00f3rnun.<\/li>\n<\/ul>\n","protected":false},"excerpt":{"rendered":"<p>N\u00e6sta Sj\u00e1var\u00fatvegsr\u00e1\u00f0stefna ver\u00f0ur haldin \u00ed H\u00f6rpu dagana 15.-16. n\u00f3vember. Dagskr\u00e1 Sj\u00e1var\u00fatvegsr\u00e1\u00f0stefnunnar 2018 \u00c1 Sj\u00e1var\u00fatvegsr\u00e1\u00f0stefnunni 2018 ver\u00f0a 17 m\u00e1lstofur og er n\u00fa b\u00fai\u00f0 a\u00f0 skipuleggja 15 m\u00e1lstofur og \u00ed \u00feeim ver\u00f0a flutt 75 erindi.\u00a0 \u00cd tveimur m\u00e1lstofum eru keypt erindi og ver\u00f0a \u00fe\u00e6r kynntar seinna. \u00dea\u00f0 sem teki\u00f0 ver\u00f0ur fyrir \u00e1 Sj\u00e1var\u00fatvegsr\u00e1\u00f0stefnunni 2018 er m.a.: Marka\u00f0sm\u00e1l, [&hellip;]<\/p>\n","protected":false},"author":2,"featured_media":1967,"comment_status":"open","ping_status":"open","sticky":false,"template":"","format":"standard","meta":{"_et_pb_use_builder":"","_et_pb_old_content":"","_et_gb_content_width":"","footnotes":""},"categories":[8],"tags":[],"class_list":["post-1964","post","type-post","status-publish","format-standard","has-post-thumbnail","hentry","category-radstefnur"],"_links":{"self":[{"href":"https:\/\/sjavarutvegur.is\/index.php?rest_route=\/wp\/v2\/posts\/1964","targetHints":{"allow":["GET"]}}],"collection":[{"href":"https:\/\/sjavarutvegur.is\/index.php?rest_route=\/wp\/v2\/posts"}],"about":[{"href":"https:\/\/sjavarutvegur.is\/index.php?rest_route=\/wp\/v2\/types\/post"}],"author":[{"embeddable":true,"href":"https:\/\/sjavarutvegur.is\/index.php?rest_route=\/wp\/v2\/users\/2"}],"replies":[{"embeddable":true,"href":"https:\/\/sjavarutvegur.is\/index.php?rest_route=%2Fwp%2Fv2%2Fcomments&post=1964"}],"version-history":[{"count":3,"href":"https:\/\/sjavarutvegur.is\/index.php?rest_route=\/wp\/v2\/posts\/1964\/revisions"}],"predecessor-version":[{"id":1969,"href":"https:\/\/sjavarutvegur.is\/index.php?rest_route=\/wp\/v2\/posts\/1964\/revisions\/1969"}],"wp:featuredmedia":[{"embeddable":true,"href":"https:\/\/sjavarutvegur.is\/index.php?rest_route=\/wp\/v2\/media\/1967"}],"wp:attachment":[{"href":"https:\/\/sjavarutvegur.is\/index.php?rest_route=%2Fwp%2Fv2%2Fmedia&parent=1964"}],"wp:term":[{"taxonomy":"category","embeddable":true,"href":"https:\/\/sjavarutvegur.is\/index.php?rest_route=%2Fwp%2Fv2%2Fcategories&post=1964"},{"taxonomy":"post_tag","embeddable":true,"href":"https:\/\/sjavarutvegur.is\/index.php?rest_route=%2Fwp%2Fv2%2Ftags&post=1964"}],"curies":[{"name":"wp","href":"https:\/\/api.w.org\/{rel}","templated":true}]}}