{"id":1959,"date":"2018-08-30T14:10:30","date_gmt":"2018-08-30T14:10:30","guid":{"rendered":"https:\/\/sjavarutvegur.is\/?p=1959"},"modified":"2018-08-30T14:10:30","modified_gmt":"2018-08-30T14:10:30","slug":"framurstefnuhugmynd-sjavarutvegsradstefnunnar","status":"publish","type":"post","link":"https:\/\/sjavarutvegur.is\/?p=1959","title":{"rendered":"Fram\u00farstefnuhugmynd Sj\u00e1var\u00fatvegsr\u00e1\u00f0stefnunnar"},"content":{"rendered":"<p>Sj\u00e1var\u00fatvegsr\u00e1\u00f0stefnan 2018 ver\u00f0ur haldin 15.-16. n\u00f3vember \u00ed H\u00f6rpu.<\/p>\n<p><strong>Svifaldan<\/strong><br \/>\n\u201eSvifaldan\u201d ver\u00f0launagripurinn fyrir Fram\u00farstefnuhugmynd Sj\u00e1var\u00fatvegsr\u00e1\u00f0stefnunnar 2018 ver\u00f0ur n\u00fa veitt \u00ed \u00e1ttunda sinn, en markmi\u00f0i\u00f0 er a\u00f0 efla umr\u00e6\u00f0ur og hvetja til n\u00fdrrar hugsunar me\u00f0 frams\u00e6knum og frumlegum hugmyndum. Svifaldan er gefin af TM, en jafnframt var veitt ver\u00f0launaf\u00e9 og vi\u00f0urkenningar til \u00feeirra sem standa a\u00f0 \u00feremur bestu hugmyndunum.<\/p>\n<p><strong>\u00dea\u00f0 sem \u00fearf a\u00f0 hafa \u00ed huga<\/strong><br \/>\nFram\u00farstefnuhugmynd skal setja fram \u00e1 hnitmi\u00f0a\u00f0an h\u00e1tt \u00fear sem fram kemur l\u00fdsing \u00e1 hugmynd, tillaga a\u00f0 framkv\u00e6md, v\u00e6ntanlegur afrakstur og \u00e1hrif til g\u00f3\u00f0s fyrir \u00edmynd \u00edslenskra afur\u00f0a (h\u00e1mark 2 bls). Sj\u00e1 n\u00e1nar \u00e1 sl\u00f3\u00f0inni: <a href=\"https:\/\/sjavarutvegsradstefnan.is\/verdlaun\/\">https:\/\/sjavarutvegsradstefnan.is\/verdlaun\/<\/a><\/p>\n<blockquote><p><strong>T\u00edmafrestur<\/strong><br \/>\nFrestur til a\u00f0 skila inn ums\u00f3knum er <strong>15. Okt\u00f3ber<\/strong><\/p><\/blockquote>\n<p><strong>Hvert \u00e1 a\u00f0 senda hugmyndina?<\/strong><br \/>\nEing\u00f6ngu er gert r\u00e1\u00f0 fyrir a\u00f0 framm\u00farstefnuhugmyndin ver\u00f0i send inn rafr\u00e6nt. Sendi\u00f0 hugmyndina sem vi\u00f0hengi (word e\u00f0a pdf skjal) \u00e1 t\u00f6lvup\u00f3stfang r\u00e1\u00f0stefnunnar: <a href=\"mailto:valdimar@sjavarutvegur.is\">valdimar@sjavarutvegur.is<\/a> B\u00ed\u00f0i\u00f0 eftir sta\u00f0festingu um m\u00f3tt\u00f6ku og ef h\u00fan berst ekki innan s\u00f3lahrings, hringi\u00f0 \u00fe\u00e1 \u00ed s\u00edma 695 2269.<\/p>\n<p><strong>Ver\u00f0laun og kynning<\/strong><br \/>\nEftirfarandi ver\u00f0laun og kynning fyrir bestu hugmyndirnar:<\/p>\n<ul>\n<li>Veitt ver\u00f0ur ver\u00f0launaf\u00e9 a\u00f0 upph\u00e6\u00f0 kr. 500 \u00fe\u00fas.<\/li>\n<li>\u00derj\u00e1r bestu hugmyndirnar f\u00e1 kynningu og s\u00e9rstaka vi\u00f0urkenningu \u00e1 Sj\u00e1var\u00fatvegsr\u00e1\u00f0stefnunni.<\/li>\n<li>\u00derj\u00e1r bestu hugmyndirnar f\u00e1 s\u00fdningab\u00e1s \u00e1 r\u00e1\u00f0stefnunni til a\u00f0 kynna s\u00ednar hugmyndir.<\/li>\n<li>Fleiri hugmyndirnar f\u00e1 s\u00ed\u00f0an s\u00e9rstaka kynningu \u00ed veglegu r\u00e1\u00f0stefnuhefti Sj\u00e1var\u00fatvegsr\u00e1\u00f0stefnunnar.<\/li>\n<li>10 bestu hugmyndasmi\u00f0irnir f\u00e1 fr\u00edtt fyrir einn \u00e1 r\u00e1\u00f0stefnuna.<\/li>\n<\/ul>\n<p>Til a\u00f0 sty\u00f0ja enn frekar vi\u00f0 g\u00f3\u00f0ar fram\u00farstefnuhugmyndir ver\u00f0a bestu hugmyndir hvers \u00e1rs a\u00f0 finna \u00ed r\u00e1\u00f0stefnuheftum \u00e1 n\u00e6stu \u00e1rum. Jafnframt munu hugmyndasmi\u00f0ir f\u00e1 t\u00e6kif\u00e6ri a\u00f0 kynna s\u00fdnar fram\u00farstefnuhugmyndir \u00e1 Sj\u00e1var\u00fatvegsr\u00e1\u00f0stefnunni \u00e1 n\u00e6stu \u00e1rum.<\/p>\n<p>\u00c1 myndinni er Vilhj\u00e1lmur Hallgr\u00edmsson handhafi Svif\u00f6ldunnar 2017.<\/p>\n","protected":false},"excerpt":{"rendered":"<p>Sj\u00e1var\u00fatvegsr\u00e1\u00f0stefnan 2018 ver\u00f0ur haldin 15.-16. n\u00f3vember \u00ed H\u00f6rpu. Svifaldan \u201eSvifaldan\u201d ver\u00f0launagripurinn fyrir Fram\u00farstefnuhugmynd Sj\u00e1var\u00fatvegsr\u00e1\u00f0stefnunnar 2018 ver\u00f0ur n\u00fa veitt \u00ed \u00e1ttunda sinn, en markmi\u00f0i\u00f0 er a\u00f0 efla umr\u00e6\u00f0ur og hvetja til n\u00fdrrar hugsunar me\u00f0 frams\u00e6knum og frumlegum hugmyndum. Svifaldan er gefin af TM, en jafnframt var veitt ver\u00f0launaf\u00e9 og vi\u00f0urkenningar til \u00feeirra sem standa a\u00f0 \u00feremur [&hellip;]<\/p>\n","protected":false},"author":2,"featured_media":1960,"comment_status":"open","ping_status":"open","sticky":false,"template":"","format":"standard","meta":{"_et_pb_use_builder":"","_et_pb_old_content":"","_et_gb_content_width":"","footnotes":""},"categories":[1],"tags":[],"class_list":["post-1959","post","type-post","status-publish","format-standard","has-post-thumbnail","hentry","category-uncategorized"],"_links":{"self":[{"href":"https:\/\/sjavarutvegur.is\/index.php?rest_route=\/wp\/v2\/posts\/1959","targetHints":{"allow":["GET"]}}],"collection":[{"href":"https:\/\/sjavarutvegur.is\/index.php?rest_route=\/wp\/v2\/posts"}],"about":[{"href":"https:\/\/sjavarutvegur.is\/index.php?rest_route=\/wp\/v2\/types\/post"}],"author":[{"embeddable":true,"href":"https:\/\/sjavarutvegur.is\/index.php?rest_route=\/wp\/v2\/users\/2"}],"replies":[{"embeddable":true,"href":"https:\/\/sjavarutvegur.is\/index.php?rest_route=%2Fwp%2Fv2%2Fcomments&post=1959"}],"version-history":[{"count":1,"href":"https:\/\/sjavarutvegur.is\/index.php?rest_route=\/wp\/v2\/posts\/1959\/revisions"}],"predecessor-version":[{"id":1961,"href":"https:\/\/sjavarutvegur.is\/index.php?rest_route=\/wp\/v2\/posts\/1959\/revisions\/1961"}],"wp:featuredmedia":[{"embeddable":true,"href":"https:\/\/sjavarutvegur.is\/index.php?rest_route=\/wp\/v2\/media\/1960"}],"wp:attachment":[{"href":"https:\/\/sjavarutvegur.is\/index.php?rest_route=%2Fwp%2Fv2%2Fmedia&parent=1959"}],"wp:term":[{"taxonomy":"category","embeddable":true,"href":"https:\/\/sjavarutvegur.is\/index.php?rest_route=%2Fwp%2Fv2%2Fcategories&post=1959"},{"taxonomy":"post_tag","embeddable":true,"href":"https:\/\/sjavarutvegur.is\/index.php?rest_route=%2Fwp%2Fv2%2Ftags&post=1959"}],"curies":[{"name":"wp","href":"https:\/\/api.w.org\/{rel}","templated":true}]}}