{"id":1944,"date":"2018-06-06T09:05:03","date_gmt":"2018-06-06T09:05:03","guid":{"rendered":"https:\/\/sjavarutvegur.is\/?p=1944"},"modified":"2018-06-06T09:05:45","modified_gmt":"2018-06-06T09:05:45","slug":"dagskradrog-sjavarutvegsradstefnunnar-2","status":"publish","type":"post","link":"https:\/\/sjavarutvegur.is\/?p=1944","title":{"rendered":"Dagskr\u00e1dr\u00f6g Sj\u00e1var\u00fatvegsr\u00e1\u00f0stefnunnar"},"content":{"rendered":"<p>Sj\u00e1var\u00fatvegsr\u00e1\u00f0stefnan 2018 ver\u00f0ur haldin \u00ed H\u00f6rpu dagana 15.-16. n\u00f3vember.<\/p>\n<p><strong>Dagskr\u00e1dr\u00f6g<\/strong><br \/>\nStj\u00f3rn Sj\u00e1var\u00fatvegsr\u00e1\u00f0stefnunnar hefur n\u00fa gefi\u00f0 \u00fat fyrstu dr\u00f6g af dagskr\u00e1. Kynntar eru 14 m\u00e1lstofur og \u00e1 \u00feeim ver\u00f0a flutt yfir 80 erindi sem stj\u00f3rn r\u00e1\u00f0stefnunnar hefur skipulagt me\u00f0 a\u00f0sto\u00f0 utana\u00f0komandi a\u00f0ila.<br \/>\nN\u00e1nari uppl\u00fdsingar er a\u00f0 finna <strong><a href=\"https:\/\/sjavarutvegsradstefnan.is\/wp-content\/uploads\/2018\/06\/DASKRA-SUR-2018.pdf\">H\u00c9R<\/a>.<\/strong><\/p>\n<p><strong>Fleiri vi\u00f0bur\u00f0ir<\/strong><br \/>\nFleiri m\u00e1lstofur og vi\u00f0bur\u00f0ir ver\u00f0a kynnt \u00ed haust og \u00ed \u00fev\u00ed sambandi m\u00e1 nefna nemendavi\u00f0bur\u00f0.<\/p>\n<p><strong>Fram\u00farstefnuhugmynd<\/strong><br \/>\nSj\u00e1var\u00fatvegsr\u00e1\u00f0stefnan kallar eftir fram\u00farstefnulegum n\u00fdsk\u00f6punarhugmyndum, sem veita \u00e1 vi\u00f0urkenningu fyrir \u00e1 n\u00e6stu r\u00e1\u00f0stefnu vettvangsins. Ert \u00fe\u00fa hugmyndasmi\u00f0ur? Ef svo er nota\u00f0ur sumari\u00f0 til a\u00f0 \u00fer\u00f3a, setja \u00e1 bla\u00f0 og sendu fyrir 15. okt\u00f3ber.<br \/>\nN\u00e1nari uppl\u00fdsingar er a\u00f0 finna <a href=\"https:\/\/sjavarutvegsradstefnan.is\/verdlaun\/\"><strong>H\u00c9R<\/strong><\/a><\/p>\n","protected":false},"excerpt":{"rendered":"<p>Sj\u00e1var\u00fatvegsr\u00e1\u00f0stefnan 2018 ver\u00f0ur haldin \u00ed H\u00f6rpu dagana 15.-16. n\u00f3vember. Dagskr\u00e1dr\u00f6g Stj\u00f3rn Sj\u00e1var\u00fatvegsr\u00e1\u00f0stefnunnar hefur n\u00fa gefi\u00f0 \u00fat fyrstu dr\u00f6g af dagskr\u00e1. Kynntar eru 14 m\u00e1lstofur og \u00e1 \u00feeim ver\u00f0a flutt yfir 80 erindi sem stj\u00f3rn r\u00e1\u00f0stefnunnar hefur skipulagt me\u00f0 a\u00f0sto\u00f0 utana\u00f0komandi a\u00f0ila. N\u00e1nari uppl\u00fdsingar er a\u00f0 finna H\u00c9R. Fleiri vi\u00f0bur\u00f0ir Fleiri m\u00e1lstofur og vi\u00f0bur\u00f0ir ver\u00f0a kynnt [&hellip;]<\/p>\n","protected":false},"author":2,"featured_media":1945,"comment_status":"open","ping_status":"open","sticky":false,"template":"","format":"standard","meta":{"_et_pb_use_builder":"","_et_pb_old_content":"","_et_gb_content_width":"","footnotes":""},"categories":[1],"tags":[12,11],"class_list":["post-1944","post","type-post","status-publish","format-standard","has-post-thumbnail","hentry","category-uncategorized","tag-radstefna","tag-sjavarutvegsradstefnan"],"_links":{"self":[{"href":"https:\/\/sjavarutvegur.is\/index.php?rest_route=\/wp\/v2\/posts\/1944","targetHints":{"allow":["GET"]}}],"collection":[{"href":"https:\/\/sjavarutvegur.is\/index.php?rest_route=\/wp\/v2\/posts"}],"about":[{"href":"https:\/\/sjavarutvegur.is\/index.php?rest_route=\/wp\/v2\/types\/post"}],"author":[{"embeddable":true,"href":"https:\/\/sjavarutvegur.is\/index.php?rest_route=\/wp\/v2\/users\/2"}],"replies":[{"embeddable":true,"href":"https:\/\/sjavarutvegur.is\/index.php?rest_route=%2Fwp%2Fv2%2Fcomments&post=1944"}],"version-history":[{"count":1,"href":"https:\/\/sjavarutvegur.is\/index.php?rest_route=\/wp\/v2\/posts\/1944\/revisions"}],"predecessor-version":[{"id":1946,"href":"https:\/\/sjavarutvegur.is\/index.php?rest_route=\/wp\/v2\/posts\/1944\/revisions\/1946"}],"wp:featuredmedia":[{"embeddable":true,"href":"https:\/\/sjavarutvegur.is\/index.php?rest_route=\/wp\/v2\/media\/1945"}],"wp:attachment":[{"href":"https:\/\/sjavarutvegur.is\/index.php?rest_route=%2Fwp%2Fv2%2Fmedia&parent=1944"}],"wp:term":[{"taxonomy":"category","embeddable":true,"href":"https:\/\/sjavarutvegur.is\/index.php?rest_route=%2Fwp%2Fv2%2Fcategories&post=1944"},{"taxonomy":"post_tag","embeddable":true,"href":"https:\/\/sjavarutvegur.is\/index.php?rest_route=%2Fwp%2Fv2%2Ftags&post=1944"}],"curies":[{"name":"wp","href":"https:\/\/api.w.org\/{rel}","templated":true}]}}