{"id":1927,"date":"2018-02-22T13:01:58","date_gmt":"2018-02-22T13:01:58","guid":{"rendered":"https:\/\/sjavarutvegur.is\/?p=1927"},"modified":"2018-02-22T13:03:19","modified_gmt":"2018-02-22T13:03:19","slug":"1927","status":"publish","type":"post","link":"https:\/\/sjavarutvegur.is\/?p=1927","title":{"rendered":"Dagskr\u00e1 Strandb\u00fana\u00f0ar 2018"},"content":{"rendered":"<p><strong>S\u00e6rsti \u00e1rlegi vettvangur allra sem starfa \u00ed strandb\u00fana\u00f0i<\/strong><br \/>\nStrandb\u00fana\u00f0 2018, r\u00e1\u00f0stefna um fiskeldi, skeld\u00fdra- og \u00fe\u00f6rungar\u00e6kt. R\u00e1\u00f0stefnan ver\u00f0ur haldin \u00e1 Grand H\u00f3tel Reykjav\u00edk, 19.-20. mars.<\/p>\n<p><strong>Dagskr\u00e1 Strandb\u00fana\u00f0ar 2018<\/strong><br \/>\nDagskr\u00e1 Strandb\u00fana\u00f0ar 2018 er h\u00e6gt a\u00f0 s\u00e6kja h\u00e9r a\u00f0 ne\u00f0an. Fj\u00f6lbreytt dagskr\u00e1 me\u00f0 10 m\u00e1lstofum og erindin eru um 60.<\/p>\n<a href='https:\/\/strandbunadur.is\/wp-content\/uploads\/2018\/02\/Strandbunadur-2018-15-feb.pdf' class='small-button smallblue'>Dagskr\u00e1 Strandb\u00fana\u00f0ar 2018<\/a>\n<p><strong>Skr\u00e1ning<\/strong><br \/>\nSkr\u00e1ning er n\u00fa hafin \u00e1 Strandb\u00fana\u00f0 2018. Ef um er a\u00f0 r\u00e6\u00f0a h\u00f3pskr\u00e1ningu, 5 e\u00f0a fleiri er h\u00e6gt a\u00f0 fylla \u00fat h\u00f3pa skr\u00e1ningar og senda \u00e1 \u00de\u00f3runn D\u00f6gg Har\u00f0ard\u00f3ttir (thorunn@athygliradstefnur.is)<\/p>\n<a href='https:\/\/www.eventure-online.com\/eventure\/participant\/personalData.form' class='small-button smallblue'>Skr\u00e1ning<\/a>\n","protected":false},"excerpt":{"rendered":"<p>S\u00e6rsti \u00e1rlegi vettvangur allra sem starfa \u00ed strandb\u00fana\u00f0i Strandb\u00fana\u00f0 2018, r\u00e1\u00f0stefna um fiskeldi, skeld\u00fdra- og \u00fe\u00f6rungar\u00e6kt. R\u00e1\u00f0stefnan ver\u00f0ur haldin \u00e1 Grand H\u00f3tel Reykjav\u00edk, 19.-20. mars. Dagskr\u00e1 Strandb\u00fana\u00f0ar 2018 Dagskr\u00e1 Strandb\u00fana\u00f0ar 2018 er h\u00e6gt a\u00f0 s\u00e6kja h\u00e9r a\u00f0 ne\u00f0an. Fj\u00f6lbreytt dagskr\u00e1 me\u00f0 10 m\u00e1lstofum og erindin eru um 60. Skr\u00e1ning Skr\u00e1ning er n\u00fa hafin \u00e1 Strandb\u00fana\u00f0 [&hellip;]<\/p>\n","protected":false},"author":2,"featured_media":1929,"comment_status":"open","ping_status":"open","sticky":false,"template":"","format":"standard","meta":{"_et_pb_use_builder":"","_et_pb_old_content":"","_et_gb_content_width":"","footnotes":""},"categories":[8,1],"tags":[],"class_list":["post-1927","post","type-post","status-publish","format-standard","has-post-thumbnail","hentry","category-radstefnur","category-uncategorized"],"_links":{"self":[{"href":"https:\/\/sjavarutvegur.is\/index.php?rest_route=\/wp\/v2\/posts\/1927","targetHints":{"allow":["GET"]}}],"collection":[{"href":"https:\/\/sjavarutvegur.is\/index.php?rest_route=\/wp\/v2\/posts"}],"about":[{"href":"https:\/\/sjavarutvegur.is\/index.php?rest_route=\/wp\/v2\/types\/post"}],"author":[{"embeddable":true,"href":"https:\/\/sjavarutvegur.is\/index.php?rest_route=\/wp\/v2\/users\/2"}],"replies":[{"embeddable":true,"href":"https:\/\/sjavarutvegur.is\/index.php?rest_route=%2Fwp%2Fv2%2Fcomments&post=1927"}],"version-history":[{"count":2,"href":"https:\/\/sjavarutvegur.is\/index.php?rest_route=\/wp\/v2\/posts\/1927\/revisions"}],"predecessor-version":[{"id":1930,"href":"https:\/\/sjavarutvegur.is\/index.php?rest_route=\/wp\/v2\/posts\/1927\/revisions\/1930"}],"wp:featuredmedia":[{"embeddable":true,"href":"https:\/\/sjavarutvegur.is\/index.php?rest_route=\/wp\/v2\/media\/1929"}],"wp:attachment":[{"href":"https:\/\/sjavarutvegur.is\/index.php?rest_route=%2Fwp%2Fv2%2Fmedia&parent=1927"}],"wp:term":[{"taxonomy":"category","embeddable":true,"href":"https:\/\/sjavarutvegur.is\/index.php?rest_route=%2Fwp%2Fv2%2Fcategories&post=1927"},{"taxonomy":"post_tag","embeddable":true,"href":"https:\/\/sjavarutvegur.is\/index.php?rest_route=%2Fwp%2Fv2%2Ftags&post=1927"}],"curies":[{"name":"wp","href":"https:\/\/api.w.org\/{rel}","templated":true}]}}