{"id":1797,"date":"2017-11-25T20:43:19","date_gmt":"2017-11-25T20:43:19","guid":{"rendered":"https:\/\/sjavarutvegur.is\/?p=1797"},"modified":"2017-11-25T20:44:56","modified_gmt":"2017-11-25T20:44:56","slug":"sjavarutvegsradstefnan-2017-og-2018","status":"publish","type":"post","link":"https:\/\/sjavarutvegur.is\/?p=1797","title":{"rendered":"Sj\u00e1var\u00fatvegsr\u00e1\u00f0stefnan 2017 og 2018"},"content":{"rendered":"<p><span style=\"color: #0000ff;\"><strong>Erindi og myndir \u00e1 vef r\u00e1\u00f0stefnunnar<\/strong><\/span>:\u00a0N\u00fa er h\u00e6gt a\u00f0 s\u00e6kja \u00f6ll erindi sem haldin voru \u00e1 Sj\u00e1var\u00fatvegsr\u00e1\u00f0stefnunni 2017 \u00e1 vef f\u00e9lagsins undi rli\u00f0num <a href=\"http:\/\/sjavarutvegsradstefnan.is\/dagskra-2017\/\"><strong>Dagskr\u00e1<\/strong> 2017<\/a>.\u00a0 Jafnframt er h\u00e6gt a\u00f0 s\u00e6kja um <a href=\"http:\/\/sjavarutvegsradstefnan.is\/myndir-2017\/\"><strong>80 myndir <\/strong><\/a>\u00e1 vef r\u00e1\u00f0stefnunnar.<\/p>\n<p><span style=\"color: #0000ff;\"><strong>Ertu me\u00f0 hugmynd?<\/strong>\u00a0<\/span>Ef \u00fe\u00fa ert me\u00f0 hugmynd a\u00f0 m\u00e1lstofu e\u00f0a erindi sendu \u00fe\u00e1 t\u00f6lvup\u00f3st \u00e1 <a href=\"mailto:valdimar@sjavarutvegir.is\">valdimar@sjavarutvegir.is<\/a><br \/>\nStj\u00f3rn f\u00e9lagsins velur \u00far hugmyndum og er stefnt a\u00f0 \u00fev\u00ed a\u00f0 birta heiti m\u00e1lstofa \u00ed apr\u00edl \u00e1 n\u00e6sta \u00e1ri og \u00ed j\u00fan\u00ed dagskr\u00e1dr\u00f6g.<\/p>\n<p><span style=\"color: #0000ff;\"><strong>N\u00e6sta r\u00e1\u00f0stefna:\u00a0<\/strong><\/span>\u00a0Sj\u00e1var\u00fatvegsr\u00e1\u00f0stefnan 2018 ver\u00f0ur \u00ed H\u00f6rpu dagana 15. \u2013 16. n\u00f3vember 2018.<\/p>\n","protected":false},"excerpt":{"rendered":"<p>Erindi og myndir \u00e1 vef r\u00e1\u00f0stefnunnar:\u00a0N\u00fa er h\u00e6gt a\u00f0 s\u00e6kja \u00f6ll erindi sem haldin voru \u00e1 Sj\u00e1var\u00fatvegsr\u00e1\u00f0stefnunni 2017 \u00e1 vef f\u00e9lagsins undi rli\u00f0num Dagskr\u00e1 2017.\u00a0 Jafnframt er h\u00e6gt a\u00f0 s\u00e6kja um 80 myndir \u00e1 vef r\u00e1\u00f0stefnunnar. Ertu me\u00f0 hugmynd?\u00a0Ef \u00fe\u00fa ert me\u00f0 hugmynd a\u00f0 m\u00e1lstofu e\u00f0a erindi sendu \u00fe\u00e1 t\u00f6lvup\u00f3st \u00e1 valdimar@sjavarutvegir.is Stj\u00f3rn f\u00e9lagsins velur [&hellip;]<\/p>\n","protected":false},"author":2,"featured_media":1794,"comment_status":"open","ping_status":"open","sticky":false,"template":"","format":"standard","meta":{"_et_pb_use_builder":"","_et_pb_old_content":"","_et_gb_content_width":"","footnotes":""},"categories":[1],"tags":[],"class_list":["post-1797","post","type-post","status-publish","format-standard","has-post-thumbnail","hentry","category-uncategorized"],"_links":{"self":[{"href":"https:\/\/sjavarutvegur.is\/index.php?rest_route=\/wp\/v2\/posts\/1797","targetHints":{"allow":["GET"]}}],"collection":[{"href":"https:\/\/sjavarutvegur.is\/index.php?rest_route=\/wp\/v2\/posts"}],"about":[{"href":"https:\/\/sjavarutvegur.is\/index.php?rest_route=\/wp\/v2\/types\/post"}],"author":[{"embeddable":true,"href":"https:\/\/sjavarutvegur.is\/index.php?rest_route=\/wp\/v2\/users\/2"}],"replies":[{"embeddable":true,"href":"https:\/\/sjavarutvegur.is\/index.php?rest_route=%2Fwp%2Fv2%2Fcomments&post=1797"}],"version-history":[{"count":1,"href":"https:\/\/sjavarutvegur.is\/index.php?rest_route=\/wp\/v2\/posts\/1797\/revisions"}],"predecessor-version":[{"id":1798,"href":"https:\/\/sjavarutvegur.is\/index.php?rest_route=\/wp\/v2\/posts\/1797\/revisions\/1798"}],"wp:featuredmedia":[{"embeddable":true,"href":"https:\/\/sjavarutvegur.is\/index.php?rest_route=\/wp\/v2\/media\/1794"}],"wp:attachment":[{"href":"https:\/\/sjavarutvegur.is\/index.php?rest_route=%2Fwp%2Fv2%2Fmedia&parent=1797"}],"wp:term":[{"taxonomy":"category","embeddable":true,"href":"https:\/\/sjavarutvegur.is\/index.php?rest_route=%2Fwp%2Fv2%2Fcategories&post=1797"},{"taxonomy":"post_tag","embeddable":true,"href":"https:\/\/sjavarutvegur.is\/index.php?rest_route=%2Fwp%2Fv2%2Ftags&post=1797"}],"curies":[{"name":"wp","href":"https:\/\/api.w.org\/{rel}","templated":true}]}}