{"id":1718,"date":"2017-03-07T11:57:11","date_gmt":"2017-03-07T11:57:11","guid":{"rendered":"https:\/\/sjavarutvegur.is\/?p=1718"},"modified":"2017-03-07T12:00:24","modified_gmt":"2017-03-07T12:00:24","slug":"radstefnuhefti-strandbunadar","status":"publish","type":"post","link":"https:\/\/sjavarutvegur.is\/?p=1718","title":{"rendered":"R\u00e1\u00f0stefnuhefti Strandb\u00fana\u00f0ar"},"content":{"rendered":"<p>Strandb\u00fana\u00f0ur, r\u00e1\u00f0stefna fyrir fiskeldi, skeld\u00fdra- og \u00fe\u00f6rungar\u00e6kt sem ver\u00f0ur \u00e1 Grand H\u00f3tel Reykjav\u00edk dagana 13. \u2013 14. mars 2017. \u00a0N\u00fa er h\u00e6gt a\u00f0 s\u00e6kja r\u00e1\u00f0stefnuhefti h\u00e9r: <a href=\"http:\/\/strandbunadur.is\/wp-content\/uploads\/2017\/03\/Strandbunadur-2017-.pdf\">Strandbunadur 2017<\/a>. Flutt ver\u00f0a t\u00e6plega 50 erindi \u00ed \u00e1tta m\u00e1lstofum. \u00a0\u00c1 Strandb\u00fana\u00f0i 2017 ver\u00f0a eftirtaldar m\u00e1lstofur:<\/p>\n<ul>\n<li>Strandb\u00fana\u00f0ur \u00e1 \u00cdslandi: Sta\u00f0a, framt\u00ed\u00f0ars\u00fdn og skipulag<\/li>\n<li>Framt\u00ed\u00f0 bleikjueldis \u00e1 \u00cdslandi<\/li>\n<li>\u00de\u00f6rungar\u00e6kt og n\u00fdting \u00fe\u00f6runga<\/li>\n<li>R\u00e6ktun bl\u00e1skeljar<\/li>\n<li>Menntun \u00ed strandb\u00fana\u00f0i<\/li>\n<li>Framt\u00ed\u00f0 laxeldis og umhverfism\u00e1l<\/li>\n<li>Vaxtarsprotar strandb\u00fana\u00f0ar<\/li>\n<li>\u00cdslenskur strandb\u00fana\u00f0ur og al\u00fej\u00f3\u00f0legt samhengi<\/li>\n<\/ul>\n<p>H\u00e6gt er a\u00f0 skr\u00e1 sig me\u00f0 a\u00f0 fara \u00e1 sl\u00f3\u00f0ina <a href=\"http:\/\/strandbunadur.is\/skraning-2017\/\">SKR\u00c1NING<\/a><\/p>\n<p>&nbsp;<\/p>\n","protected":false},"excerpt":{"rendered":"<p>Strandb\u00fana\u00f0ur, r\u00e1\u00f0stefna fyrir fiskeldi, skeld\u00fdra- og \u00fe\u00f6rungar\u00e6kt sem ver\u00f0ur \u00e1 Grand H\u00f3tel Reykjav\u00edk dagana 13. \u2013 14. mars 2017. \u00a0N\u00fa er h\u00e6gt a\u00f0 s\u00e6kja r\u00e1\u00f0stefnuhefti h\u00e9r: Strandbunadur 2017. Flutt ver\u00f0a t\u00e6plega 50 erindi \u00ed \u00e1tta m\u00e1lstofum. \u00a0\u00c1 Strandb\u00fana\u00f0i 2017 ver\u00f0a eftirtaldar m\u00e1lstofur: Strandb\u00fana\u00f0ur \u00e1 \u00cdslandi: Sta\u00f0a, framt\u00ed\u00f0ars\u00fdn og skipulag Framt\u00ed\u00f0 bleikjueldis \u00e1 \u00cdslandi \u00de\u00f6rungar\u00e6kt og [&hellip;]<\/p>\n","protected":false},"author":2,"featured_media":1721,"comment_status":"open","ping_status":"open","sticky":false,"template":"","format":"standard","meta":{"_et_pb_use_builder":"","_et_pb_old_content":"","_et_gb_content_width":"","footnotes":""},"categories":[1],"tags":[],"class_list":["post-1718","post","type-post","status-publish","format-standard","has-post-thumbnail","hentry","category-uncategorized"],"_links":{"self":[{"href":"https:\/\/sjavarutvegur.is\/index.php?rest_route=\/wp\/v2\/posts\/1718","targetHints":{"allow":["GET"]}}],"collection":[{"href":"https:\/\/sjavarutvegur.is\/index.php?rest_route=\/wp\/v2\/posts"}],"about":[{"href":"https:\/\/sjavarutvegur.is\/index.php?rest_route=\/wp\/v2\/types\/post"}],"author":[{"embeddable":true,"href":"https:\/\/sjavarutvegur.is\/index.php?rest_route=\/wp\/v2\/users\/2"}],"replies":[{"embeddable":true,"href":"https:\/\/sjavarutvegur.is\/index.php?rest_route=%2Fwp%2Fv2%2Fcomments&post=1718"}],"version-history":[{"count":3,"href":"https:\/\/sjavarutvegur.is\/index.php?rest_route=\/wp\/v2\/posts\/1718\/revisions"}],"predecessor-version":[{"id":1723,"href":"https:\/\/sjavarutvegur.is\/index.php?rest_route=\/wp\/v2\/posts\/1718\/revisions\/1723"}],"wp:featuredmedia":[{"embeddable":true,"href":"https:\/\/sjavarutvegur.is\/index.php?rest_route=\/wp\/v2\/media\/1721"}],"wp:attachment":[{"href":"https:\/\/sjavarutvegur.is\/index.php?rest_route=%2Fwp%2Fv2%2Fmedia&parent=1718"}],"wp:term":[{"taxonomy":"category","embeddable":true,"href":"https:\/\/sjavarutvegur.is\/index.php?rest_route=%2Fwp%2Fv2%2Fcategories&post=1718"},{"taxonomy":"post_tag","embeddable":true,"href":"https:\/\/sjavarutvegur.is\/index.php?rest_route=%2Fwp%2Fv2%2Ftags&post=1718"}],"curies":[{"name":"wp","href":"https:\/\/api.w.org\/{rel}","templated":true}]}}